{"id":215,"date":"2019-04-19T01:37:26","date_gmt":"2019-04-19T00:37:26","guid":{"rendered":"http:\/\/whataboutblog.de\/?p=215"},"modified":"2019-12-12T17:05:46","modified_gmt":"2019-12-12T16:05:46","slug":"fridays-for-future-die-zu-politische-jugend","status":"publish","type":"post","link":"https:\/\/whataboutblog.de\/?p=215","title":{"rendered":"&#8230;Fridays for Future &#8211; Social Media-Kampagne gegen die unbequeme Jugend"},"content":{"rendered":"\n<p>Die Jugend wird mit jeder Generation &#8222;schlimmer&#8220; &#8211; dieses Weltwissen wird bereits seit Hunderten von Jahren \u00fcber die jeweils nachfolgende Generation geklagt. Hieraus spricht nat\u00fcrlich immer auch eine <a rel=\"noreferrer noopener\" aria-label=\"gewisse Angst vor dem Anderen, dem Neuen, dem Unbekannten (\u00f6ffnet in neuem Tab)\" href=\"https:\/\/www.welt.de\/wissenschaft\/article178647276\/Soziologie-Warum-die-Jugend-von-heute-immer-die-schlechteste-ist.html\" target=\"_blank\">gewisse Angst vor dem Anderen, dem Neuen, dem Unbekannten<\/a>, schlie\u00dflich hat die eine Generation f\u00fcr den Status Quo der Welt gek\u00e4mpft und ist nun in Sorge, dass die n\u00e4chste Generation diesen nicht mehr wertsch\u00e4tzt oder erh\u00e4lt. Das gesellschaftlich konservative Element tritt somit ganz deutlich zum Vorschein. Unterf\u00fcttert wurde die Kritik an den heutigen Heranwachsenden zuletzt mit dem Vorwurf, sie seien <a rel=\"noreferrer noopener\" aria-label=\"&quot;mainstream&quot;, anti-rebellisch, anh\u00e4nglich, Smartphone-s\u00fcchtig (\u00f6ffnet in neuem Tab)\" href=\"https:\/\/www1.wdr.de\/fernsehen\/aktuelle-stunde\/startseite\/die-mainstream-jugend-100.html\" target=\"_blank\">&#8222;mainstream&#8220;, anti-rebellisch, anh\u00e4nglich, Smartphone-s\u00fcchtig<\/a>, also tr\u00e4ge und <a rel=\"noreferrer noopener\" aria-label=\"unpolitisch (\u00f6ffnet in neuem Tab)\" href=\"https:\/\/www.deutschlandfunk.de\/unpolitische-jugend.1148.de.html?dram:article_id=179879\" target=\"_blank\">unpolitisch<\/a>. <\/p>\n\n\n\n<p>Seit Beginn der <em><a rel=\"noreferrer noopener\" aria-label=\"Fridays for Future (\u00f6ffnet in neuem Tab)\" href=\"https:\/\/fridaysforfuture.de\/\" target=\"_blank\">Fridays for Future<\/a><\/em>-Demos im Januar dieses Jahres scheint dieses Bild von unserer Jugend ein wenig schief zu sein. Beharrlich gehen n\u00e4mlich seit Wochen jeden Freitag tausende Jugendliche in Deutschland und \u00fcberall auf der Welt auf die Stra\u00dfe, um ihrer Forderung nach mehr Umweltschutz Ausdruck zu verleihen. Sie greifen hierf\u00fcr auf einen astrein demokratischen Akt zur\u00fcck, n\u00e4mlich auf die Demonstration. Adressat ist die Politik, aber im Grunde sind die Erwachsenen generell angesprochen, denn sie treffen alle Entscheidungen weltweit. <\/p>\n\n\n\n<p>Man k\u00f6nnte jetzt meinen, dass den jugendlichen Demonstranten nun partei\u00fcbergreifend Applaus gespendet werden sollte &#8211; immerhin zeigt die Jugend ja ganz ausdr\u00fccklich, dass die zu Beginn genannten Vorurteile eben nicht so recht zutreffen (was f\u00fcr interessierte Beobachter <a rel=\"noreferrer noopener\" aria-label=\"\u00fcbrigens bereits (\u00f6ffnet in neuem Tab)\" href=\"https:\/\/www.zeit.de\/studium\/uni-leben\/2015-10\/jugend-politisches-engagement-2015\" target=\"_blank\">\u00fcbrigens bereits<\/a> <a rel=\"noreferrer noopener\" aria-label=\"bereits seit Jahren (\u00f6ffnet in neuem Tab)\" href=\"https:\/\/www.zeit.de\/gesellschaft\/zeitgeschehen\/2015-10\/shell-jugendstudie-2015-politik-interesse-politikverdrossenheit-fluechtlinge\" target=\"_blank\">seit Jahren<\/a> <a rel=\"noreferrer noopener\" aria-label=\"offenkundig ist (\u00f6ffnet in neuem Tab)\" href=\"https:\/\/www.zeit.de\/2018\/29\/eltern-generation-politik-vision-kritik\" target=\"_blank\">offensichtlich ist<\/a>!). Doch weit gefehlt! Statt dessen rollt sein Wochen eine mehrstufige Diskreditierungs-Kampagne.<\/p>\n\n\n\n<h4 class=\"wp-block-heading\">Diskreditierungs-Stufe 1: Klima-Demos vs. Schulpflicht<\/h4>\n\n\n\n<p> Gro\u00df ist die Zahl der Kommentatoren, die \u00fcberhaupt nicht auf die Anliegen der Sch\u00fclerinnen und Sch\u00fcler eingehen, sondern stattdessen die freit\u00e4glichen Demonstrationen in Frage stellen. Zwei Vorw\u00fcrfe werden hierbei besonders laut und h\u00e4ufig ge\u00e4u\u00dfert: 1. Die Demonstrierenden Sch\u00fclerinnen und Sch\u00fcler missachten die Schulpflicht. 2. Die Teilnahme an den Demos ist nur ein Vorwand, um die Schule zu schw\u00e4nzen. <\/p>\n\n\n\n<figure class=\"wp-block-image\"><a href=\"http:\/\/whataboutblog.de\/wp-content\/uploads\/2019\/04\/Screenshot_2019-04-18-Saarbr\u00fccker-Zeitung-Beitr\u00e4ge.png\" target=\"_blank\" rel=\"noreferrer noopener\"><img loading=\"lazy\" decoding=\"async\" width=\"300\" height=\"184\" src=\"http:\/\/whataboutblog.de\/wp-content\/uploads\/2019\/04\/Screenshot_2019-04-18-Saarbr\u00fccker-Zeitung-Beitr\u00e4ge-300x184.png\" alt=\"\" class=\"wp-image-216\" srcset=\"https:\/\/whataboutblog.de\/wp-content\/uploads\/2019\/04\/Screenshot_2019-04-18-Saarbr\u00fccker-Zeitung-Beitr\u00e4ge-300x184.png 300w, https:\/\/whataboutblog.de\/wp-content\/uploads\/2019\/04\/Screenshot_2019-04-18-Saarbr\u00fccker-Zeitung-Beitr\u00e4ge.png 545w\" sizes=\"auto, (max-width: 300px) 100vw, 300px\" \/><\/a><figcaption><a rel=\"noreferrer noopener\" aria-label=\" (\u00f6ffnet in neuem Tab)\" href=\"https:\/\/www.facebook.com\/saarbrueckerzeitung\/posts\/2830868190286619\" target=\"_blank\"><em>https:\/\/www.facebook.com\/saarbrueckerzeitung\/posts\/2830868190286619<\/em><\/a><\/figcaption><\/figure>\n\n\n\n<figure class=\"wp-block-image\"><a href=\"http:\/\/whataboutblog.de\/wp-content\/uploads\/2019\/04\/Screenshot_2019-04-18-tagesschau-Beitr\u00e4ge1.png\" target=\"_blank\" rel=\"noreferrer noopener\"><img loading=\"lazy\" decoding=\"async\" width=\"300\" height=\"62\" src=\"http:\/\/whataboutblog.de\/wp-content\/uploads\/2019\/04\/Screenshot_2019-04-18-tagesschau-Beitr\u00e4ge1-300x62.png\" alt=\"\" class=\"wp-image-217\" srcset=\"https:\/\/whataboutblog.de\/wp-content\/uploads\/2019\/04\/Screenshot_2019-04-18-tagesschau-Beitr\u00e4ge1-300x62.png 300w, https:\/\/whataboutblog.de\/wp-content\/uploads\/2019\/04\/Screenshot_2019-04-18-tagesschau-Beitr\u00e4ge1.png 486w\" sizes=\"auto, (max-width: 300px) 100vw, 300px\" \/><\/a><figcaption><a href=\"https:\/\/www.facebook.com\/tagesschau\/posts\/10157379678814407?comment_id=10157379911169407\"><\/a><a rel=\"noreferrer noopener\" aria-label=\" (\u00f6ffnet in neuem Tab)\" href=\"https:\/\/www.facebook.com\/tagesschau\/posts\/10157379678814407\" target=\"_blank\"><em>https:\/\/www.facebook.com\/tagesschau\/posts\/10157379678814407<\/em><\/a><\/figcaption><\/figure>\n\n\n\n<p>Angesichts der durchaus <a rel=\"noreferrer noopener\" aria-label=\"durchdachten Meinungs\u00e4u\u00dferungen im Rahmen der Demonstrationen (\u00f6ffnet in neuem Tab)\" href=\"https:\/\/www.jetzt.de\/politik\/fridays-for-future-greta-thunberg-in-hamburg-und-die-besten-schilder\" target=\"_blank\">durchdachten Meinungs\u00e4u\u00dferungen im Rahmen der Demonstrationen<\/a> und der <a rel=\"noreferrer noopener\" aria-label=\"Kreativit\u00e4t (\u00f6ffnet in neuem Tab)\" href=\"https:\/\/www.buzzfeed.com\/de\/karstenschmehl\/fridays-for-future-plakate-klimastreik-klimawandel-schilder\" target=\"_blank\">Kreativit\u00e4t<\/a> bei der <a rel=\"noreferrer noopener\" aria-label=\"Gestaltung von Bannern und Schildern (\u00f6ffnet in neuem Tab)\" href=\"https:\/\/youpod.de\/de\/beitraege\/2019\/03\/die-kreativen-demo-schilder-beim-schulerstreik-fridays-for-future\" target=\"_blank\">Gestaltung von Bannern und Schildern<\/a> ist offensichtlich, dass es den Teilnehmern mit Sicherheit nicht in erster Linie um schulfreie Tage geht. Es werden vielf\u00e4ltige, ganz klare Statements gezeigt, dass die Jungen und M\u00e4dchen mit der aktuellen Politik nicht zufrieden sind, was  inzwischen auch von den h\u00f6chsten Ebenen der Politik anerkannt wird  (siehe Statements <a rel=\"noreferrer noopener\" href=\"https:\/\/www.sueddeutsche.de\/politik\/merkel-schueler-streiks-klima-fridays-for-future-1.4352065\" target=\"_blank\">der Bundeskanzlerin<\/a>, <a rel=\"noreferrer noopener\" href=\"https:\/\/www.faz.net\/aktuell\/politik\/inland\/fridays-for-future-steinmeier-lobt-schuelerdemos-fuer-klimaschutz-16078896.html\" target=\"_blank\">des Bundespr\u00e4sidenten<\/a> oder <a rel=\"noreferrer noopener\" href=\"https:\/\/www.saarbruecker-zeitung.de\/saarland\/landespolitik\/tobias-hans-fordert-konsequenzen-aus-schueler-protesten_aid-38105809?fbclid=IwAR3_yCZwDH2jq52HK62HmpakAsXZ9_N-PV4w1T5GyoaLDXieSNG-YY_Ab4I\" target=\"_blank\">von Ministerpr\u00e4sidenten<\/a>). Die Schulleitungen bundesweit haben au\u00dferdem pflichtgem\u00e4\u00dfg einen sehr genauen Blick darauf, ob und wer es mit dem &#8222;Schulschw\u00e4nzen&#8220; \u00fcbertreibt. Mehrheitlich scheint es jedoch so zu sein, <a rel=\"noreferrer noopener\" aria-label=\"dass Lehrkr\u00e4fte und Schulleitungen das Engagement der Jugendlichen begr\u00fc\u00dfen und zuweilen auch unterst\u00fctzen (\u00f6ffnet in neuem Tab)\" href=\"https:\/\/www.deutschlandfunknova.de\/beitrag\/fridays-for-future-zwischen-demonstrationsrecht-und-schulpflicht\" target=\"_blank\">dass Lehrkr\u00e4fte und Schulleitungen das Engagement der Jugendlichen begr\u00fc\u00dfen und zuweilen auch unterst\u00fctzen<\/a>. Ein Schulstreik f\u00fcr einen guten Zweck und auf eigenes Risiko scheint f\u00fcr die Verantwortlichen und f\u00fcr die Regierenden zumindest tolerierbar, ohne dass die Schulpflicht als nachrangig angesehen wird.<\/p>\n\n\n\n<h4 class=\"wp-block-heading\" id=\"mce_14\">Diskreditierungs-Stufe 2: Amateure vs. Profis<\/h4>\n\n\n\n<p>Anfang M\u00e4rz meldete sich der FDP-Vorsitzende Christian Lindner in der Debatte um die Schulstreiks zugunsten des Klimas zu Wort. Er lobte zwar die politische Meinungs\u00e4u\u00dferung der jugendlichen Demonstranten, fand jedoch, dass diese<a rel=\"noreferrer noopener\" aria-label=\"zu wenig Ahnung von Klimaschutz und Wirtschaftspolitik haben (\u00f6ffnet in neuem Tab)\" href=\"https:\/\/twitter.com\/FabMasarwa\/status\/1104714792743456768?ref_src=twsrc%5Etfw%7Ctwcamp%5Etweetembed&amp;ref_url=https%3A%2F%2Fwww.welt.de%2Fpolitik%2Fdeutschland%2Farticle190090013%2FChristian-Lindner-Sache-fuer-Profis-Spruch-sorgt-fuer-Kritik.html\" target=\"_blank\"><em> <\/em><\/a><em><a rel=\"noreferrer noopener\" aria-label=\"zu wenig Ahnung von der Thematik h\u00e4tten (\u00f6ffnet in neuem Tab)\" href=\"https:\/\/twitter.com\/c_lindner\/status\/1104683096107114497\" target=\"_blank\">zu wenig Ahnung von der Thematik h\u00e4tten und Diskussionen zu Umweltschutz und Wirtschaft den &#8222;Profis&#8220; \u00fcerblassen sollten.<\/a><\/em> Dieses Argument wurde auch in Diskussionen der Sozialen Medien h\u00e4ufiger angef\u00fchrt:<\/p>\n\n\n\n<figure class=\"wp-block-image\"><a href=\"http:\/\/whataboutblog.de\/wp-content\/uploads\/2019\/04\/Screenshot_2019-04-18-tagesschau-Beitr\u00e4ge.png\" target=\"_blank\" rel=\"noreferrer noopener\"><img loading=\"lazy\" decoding=\"async\" width=\"300\" height=\"243\" src=\"http:\/\/whataboutblog.de\/wp-content\/uploads\/2019\/04\/Screenshot_2019-04-18-tagesschau-Beitr\u00e4ge-300x243.png\" alt=\"\" class=\"wp-image-218\" srcset=\"https:\/\/whataboutblog.de\/wp-content\/uploads\/2019\/04\/Screenshot_2019-04-18-tagesschau-Beitr\u00e4ge-300x243.png 300w, https:\/\/whataboutblog.de\/wp-content\/uploads\/2019\/04\/Screenshot_2019-04-18-tagesschau-Beitr\u00e4ge.png 486w\" sizes=\"auto, (max-width: 300px) 100vw, 300px\" \/><\/a><figcaption><a rel=\"noreferrer noopener\" aria-label=\" (\u00f6ffnet in neuem Tab)\" href=\"https:\/\/www.facebook.com\/tagesschau\/posts\/10157379678814407\" target=\"_blank\"><em>https:\/\/www.facebook.com\/tagesschau\/posts\/10157379678814407<\/em><\/a><\/figcaption><\/figure>\n\n\n\n<figure class=\"wp-block-image\"><a href=\"http:\/\/whataboutblog.de\/wp-content\/uploads\/2019\/04\/Screenshot_2019-04-18-taz-Beitr\u00e4ge.png\" target=\"_blank\" rel=\"noreferrer noopener\"><img loading=\"lazy\" decoding=\"async\" width=\"300\" height=\"84\" src=\"http:\/\/whataboutblog.de\/wp-content\/uploads\/2019\/04\/Screenshot_2019-04-18-taz-Beitr\u00e4ge-300x84.png\" alt=\"\" class=\"wp-image-219\" srcset=\"https:\/\/whataboutblog.de\/wp-content\/uploads\/2019\/04\/Screenshot_2019-04-18-taz-Beitr\u00e4ge-300x84.png 300w, https:\/\/whataboutblog.de\/wp-content\/uploads\/2019\/04\/Screenshot_2019-04-18-taz-Beitr\u00e4ge.png 545w\" sizes=\"auto, (max-width: 300px) 100vw, 300px\" \/><\/a><figcaption><a rel=\"noreferrer noopener\" aria-label=\" (\u00f6ffnet in neuem Tab)\" href=\"https:\/\/www.facebook.com\/taz.kommune\/posts\/2294596060599449\" target=\"_blank\"><em>https:\/\/www.facebook.com\/taz.kommune\/posts\/2294596060599449<\/em><\/a><\/figcaption><\/figure>\n\n\n\n<p>Diese Aussagen sind in h\u00f6chstem Ma\u00dfe kritisch. Wie kann man erwarten, dass Jugendliche in einem derart komplexen Themenfeld Profis sind? Sie befinden sich mitten in ihrer (schulischen) Ausbildung und erhalten so erstmals Einblicke in globale Entwicklungen. Sie erwerben gerade die F\u00e4higkeit, eigenes und Fremdverhalten zu reflektieren und anschlie\u00dfend zu beurteilen. Es ist eine Kernkompetenz, Sch\u00fclerinnen und Sch\u00fclern zu nachhaltig denkenden und handelnden Menschen zu erziehen, Beurteilungs- und Handlungskompetenz sind die  h\u00f6chsten, aber zugleich die am schwierigsten zu erlernenden Kompetenzen. Nun zeigen die Jugendlichen, dass sie diese Kompetenzen besitzen und einsetzen k\u00f6nnen. Und nun vermittelt man ihnen, dass das nicht erw\u00fcnscht ist? Eine solche Haltung ist mit &#8222;Arroganz&#8220; noch sehr wohlwollend  umschrieben &#8211; und sie sendet im schlimmsten Fall ein fatales Signal an die Jugend: &#8222;Meldet euch nicht zu Wort, ihr habt keine Ahnung und auf euch h\u00f6rt eh niemand.&#8220;<\/p>\n\n\n\n<p>Gl\u00fccklicherweise ver\u00f6ffentlichten die <em><a rel=\"noreferrer noopener\" aria-label=\"Scientists for Future (\u00f6ffnet in neuem Tab)\" href=\"https:\/\/www.scientists4future.org\/\" target=\"_blank\">Scientists for Future<\/a><\/em> bereits wenige Tage sp\u00e4ter ein Statement, in dem sie den Sch\u00fclerinnen und Sch\u00fclern ausdr\u00fccklich beipflichteten. In der zu dieser Thematik extra anberaumten Pressekonferenz am 12. M\u00e4rz unterst\u00fctzte der Professor f\u00fcr Regenerative Energiesysteme Volker Quaschning die Jugendlichen mit dem Satz: <a rel=\"noreferrer noopener\" aria-label=\"&quot;Wir sind die Profis, und wir sagen: Die Jugendlichen haben Recht!&quot; (\u00f6ffnet in neuem Tab)\" href=\"https:\/\/www.youtube.com\/watch?v=OAoPkVfeTo0#t=14m44s\" target=\"_blank\"><em>&#8222;Wir sind die Profis, und wir sagen: Die junge Generation haben Recht!&#8220;<\/em><\/a>, was in den Medien ein breites Echo fand. Zugleicg wurde <a rel=\"noreferrer noopener\" aria-label=\"die offizielle Stellungnahme der Gruppe (\u00f6ffnet in neuem Tab)\" href=\"https:\/\/www.scientists4future.org\/stellungnahme\/\" target=\"_blank\">die offizielle Stellungnahme der Gruppe<\/a> inzwischen von mehr als 25.000 Wissenschaftlern weltweit unterzeichnet. und zu <a rel=\"noreferrer noopener\" aria-label=\"die offizielle Stellungnahme der Gruppe (\u00f6ffnet in neuem Tab)\" href=\"https:\/\/www.scientists4future.org\/stellungnahme\/\" target=\"_blank\">best\u00e4tigen, dass die Anliegen der Sch\u00fclerinnen und Sch\u00fcler berechtigt sind<\/a>. Die Aussage, dass die Jugendlichen schlicht keine Ahnung von der Materie h\u00e4tten und sich mit Forderungen zur\u00fcckhalten sollten, wurde somit eindrucksvoll widerlegt und die Arroganz der Kritiker offensichtlich.<\/p>\n\n\n\n<h4 class=\"wp-block-heading\" id=\"mce_18\">Diskreditierungs-Stufe 3: Die Klima-Verschw\u00f6rung<\/h4>\n\n\n\n<p><strong>Mehrere Tausend Jugendliche treten somit sp\u00e4testens Februar jeden Freitag in einen &#8222;Schulstreik&#8220; und demonstrieren gegen die aktuelle Umweltpolitik und f\u00fcr mehr Naturschutz. Schulen und Lehrer sehen die Streiks w\u00e4hrend der Schulzeit zwar kritisch, loben aber mehrheitlich den Einsatz der Sch\u00fclerinnen und Sch\u00fcler. Zigtausende Wissenschaftler unterst\u00fctzen die Aussagen der Demonstrierenden, und sogar von den h\u00f6chsten Politikern Deutschlands erhalten sie \u00f6ffentliche Unterst\u00fctzung.<\/strong><\/p>\n\n\n\n<p>Und dennoch verebbt die Kritik an den jugendlichen Umweltaktivisten nicht. Seit das Schulpflicht-Argument \u00f6ffentlich widerlegt und somit verbraucht ist, und seit die Sinnhaftigkeit der Forderungen von wissenschaftlicher Seite best\u00e4tigt wurde, schie\u00dfen die Demo-Gegner nun sch\u00e4rfer gegen FFF. <\/p>\n\n\n\n<p><em>Der n\u00e4chste Vorwurf lautet: Die Jugendlichen haben kein Recht, f\u00fcr Naturschutz zu streiken und zu demonstrieren, weil sie selber keine R\u00fccksicht auf die Umwelt nehmen.<\/em> Um dieses Argument zu untermauern, schrecken die Kritiker nicht einmal vor <a rel=\"noreferrer noopener\" aria-label=\"der Verbreitung (\u00f6ffnet in neuem Tab)\" href=\"https:\/\/www.mimikama.at\/allgemein\/fridaysforfuture-fake\/\" target=\"_blank\">der Verbreitung<\/a> von <a rel=\"noreferrer noopener\" aria-label=\"Fake News (\u00f6ffnet in neuem Tab)\" href=\"https:\/\/www.mimikama.at\/allgemein\/fridaysforfuture-abfall-wiese-fake\/\" target=\"_blank\">Fake News<\/a> zur\u00fcck. Das ist an Peinlichkeit nicht zu \u00fcberbieten, zeugt aber zugleich von der Brutalit\u00e4t und Verzweiflung, mit denen bestimmte Kreise gegen einen strengeren Klimaschutz ank\u00e4mpfen. <\/p>\n\n\n\n<p><em>Ein weiteres Argument: Die Jugendlichen leben doch selber nicht nachhaltig und hinterfragen ihr eigenes Handeln nicht im Hinblick auf die Folgen f\u00fcr die Umwelt.<\/em> Dieser Vorwurf ist geradezu eine Frechheit. Die heutigen Erwachsenen haben die Jugend in und zu diesem Lebensstil aufgezogen. Sie haben ihnen eben nicht in die Wiege gelegt, Produkte und Handeln zu hinterfragen, global zu denken, sich selbst zur\u00fcckzunehmen! Sie haben stets alle technischen Entwicklungen als Fortschritt angenommen und gelebt &#8211; und ihre Kinder auch in diesem Denken erzogen! Doch nun, wo die Spr\u00f6sslinge allm\u00e4hlich beginnen unseren Lebensstil zu hinterfragen, machen sie uns zugleich ein schlechtes Gewissen und halten uns deutlich diesen verfehlten Lebensentwurf vor! Und was ist die Antwort der Erwachsenen? &#8222;Ihr seid ja auch nicht besser!&#8220; Diese Haltung ist an Zynismus, ja an Erb\u00e4rmlichkeit nicht zu \u00fcbertreffen. <strong>Wir haben unsere Kinder abh\u00e4ngig nach einen Leben ohne Blick auf Nachhaltigkeit und langfristige Folgen gemacht, und nun halten wir ihnen diese Abh\u00e4ngigkeit vor, nur weil sie beginnen dagegen anzuk\u00e4mpfen und unsere Fehlerhaftigkeit und Verantwortung vor Augen f\u00fchren? <\/strong><\/p>\n\n\n\n<p>Wer solche Vorw\u00fcrfe erhebt, der \u00fcbersieht das eigentliche Anliegen der Sch\u00fclerinnen und Sch\u00fcler: Den Hilferuf an uns Erwachsene, unser aller Lebensstil gemeinsam mit ihnen zu ver\u00e4ndern! Nachhaltiger zu wirtschaften! Sparsamer zu produzieren! Sch\u00e4dliches zu vermeiden! Die Kinder haben nicht die Macht, dies zu beeinflussen, also brauchen sie unsere Unterst\u00fctzung! Daf\u00fcr gehen Sie jeden Freitag auf die Stra\u00dfe!<\/p>\n\n\n\n<p>Gl\u00fccklicherweise finden Sie diese Unterst\u00fctzung: In ihren Lehrerinnen und Lehrern, bei Wissenschaft, Politik und auch bei Verb\u00e4nden und Organisationen. Diese Jugendbewegung hat eine starke Eigendynamik entwickelt, die Kinder nicht allein koordinieren k\u00f6nnen. Die Umweltorganisation <a rel=\"noreferrer noopener\" aria-label=\"Plant for the Planet (\u00f6ffnet in neuem Tab)\" href=\"https:\/\/www.plant-for-the-planet.org\/de\/startseite\" target=\"_blank\"><em>Plant for the Planet<\/em><\/a> teilt die inhaltliche Ausrichtung von <em>Fridays for Future<\/em> und unterst\u00fctzt sie deshalb logistisch und finanziell. <\/p>\n\n\n\n<p>Rechtspopulistische Blogs wie <em>Tichyseinblick<\/em> oder rechte Mediengruppen wittern aus diesem Grund jedoch eine Verschw\u00f6rung der \u00d6kolobby: Friday for Future sei <a rel=\"noreferrer noopener\" aria-label=\"abh\u00e4ngig und fremdgesteuert von anderen \u00d6ko-Gruppierungen (\u00f6ffnet in neuem Tab)\" href=\"https:\/\/www.tichyseinblick.de\/meinungen\/bestaetigt-fridays-for-future-finanziell-fremdgesteuert\/\" target=\"_blank\">abh\u00e4ngig und fremdgesteuert von anderen \u00d6ko-Gruppierungen<\/a>, die Leitfigur der Bewegung, <a rel=\"noreferrer noopener\" aria-label=\"Greta  Thunberg nur eine Marionette (\u00f6ffnet in neuem Tab)\" href=\"https:\/\/www.focus.de\/politik\/ausland\/klima-aktivistin-in-berlin-greta-thunberg-nur-eine-pr-marionette-schwedischer-journalist-klaert-ueber-vorwuerfe-auf_id_10523492.html\" target=\"_blank\">Greta Thunberg nur eine Marionette<\/a> und die Jugendlichen f\u00fchrten gar einen neuen <a rel=\"noreferrer noopener\" aria-label=\"&quot;Kinderkreuzzug&quot; (\u00f6ffnet in neuem Tab)\" href=\"https:\/\/www.nzz.ch\/meinung\/verbaler-radikalismus-loest-die-probleme-des-klimaschutzes-nicht-ld.1470774\" target=\"_blank\">&#8222;Kinderkreuzzug&#8220;<\/a> an. In dieser Reihe fehlte bislang der <del>Publizist<\/del> Polemiker <em>Henryk M. Broder<\/em>, doch just heute hat er seine Fantasie von den gesteuerten und inszenierten Klimademos <a rel=\"noreferrer noopener\" aria-label=\"in Worte gegossen (\u00f6ffnet in neuem Tab)\" href=\"https:\/\/www.welt.de\/debatte\/kommentare\/plus192120177\/Greta-Thunberg-Welche-Geschichte-wird-hier-gerade-produziert.html?wtrid=socialmedia.socialflow....socialflow_twitter\" target=\"_blank\">in Worte gegossen<\/a>.<\/p>\n\n\n\n<p>Auf alle die bis hierher erhobenen Vorw\u00fcrfe gibt es zahlreiche, <a rel=\"noreferrer noopener\" aria-label=\"mal besser (\u00f6ffnet in neuem Tab)\" href=\"https:\/\/www.stern.de\/familie\/leben\/fridays-for-future--von-wegen-schule-schwaenzen--die-kids-erledigen--was-wir-versaeumt-haben-8623250.html\" target=\"_blank\">mal besser<\/a> und <a rel=\"noreferrer noopener\" aria-label=\"mal schlechter (\u00f6ffnet in neuem Tab)\" href=\"https:\/\/www.bento.de\/politik\/friday-for-future-warum-der-klimastreik-wichtiger-ist-als-die-schulpflicht-a-d484b17b-73ee-4117-bf78-d62e63d03dda\" target=\"_blank\">mal schlechter<\/a> gelungene Erwiderungen. Deutlich wird jedoch eines: <strong>Die Erwachsenen scheinen ein Problem mit den aufm\u00fcpfigen Jugendlichen zu haben, und sei es nur deshalb, weil sie sich von den Kindern nicht in ihre Lebensf\u00fchrung reinpfuschen lassen wollen.<\/strong> <\/p>\n\n\n\n<p>Um die Sch\u00fclerproteste mundtot zu machen, versuchen seit dem ersten Tag Erwachsene, die Demonstrierenden zu diskreditieren: <\/p>\n\n\n\n<ul class=\"wp-block-list\"><li>Sie r\u00fccken die Teilnahme an den Demosin den Bereich der Illegalit\u00e4t, woraufhin h\u00f6chste Stellen die Demos \u00f6ffentlich begr\u00fc\u00dften und dazu ermutigten. <\/li><li>Sie sprachen den Jugendlichen Ahnung und Kompetenz ab, sich zu dem Thema zu \u00e4u\u00dfern, woraufhin Fachleute die Aussagen der Gruppierung best\u00e4tigten. <\/li><li>Nun verbreiten die Gegner von FFF an L\u00fcgen und Falschnachrichten und versteigern sich in halbgare bis haltlose Verschw\u00f6rungstheorien. Gl\u00fccklicherweise gibt es aber auch hier Institutionen, die diese Spielchen aufdecken und blo\u00dfstellen.<\/li><\/ul>\n\n\n\n<p><strong>Ich pers\u00f6nlich w\u00fcrde mir w\u00fcnschen, dass noch mehr Erwachsene, und insbesondere noch mehr Lehrerinnen und Lehrer den Jugendlichen den R\u00fccken st\u00e4rken. Die Anliegen der Sch\u00fclerinnen und Sch\u00fcler sind berechtigt, ihr Vorgehen kreativ und mutig, und ihre Ziele sind durchdacht und lobenswert. Genau so w\u00fcnschen wir uns unsere Sch\u00fclerinnen und Sch\u00fcler. Deshalb sollten wir sie best\u00e4rken, weiterhin f\u00fcr das Gute einzutreten.<\/strong><\/p>\n\n\n\n<p class=\"has-text-align-right\"><em>Text ver\u00f6ffentlicht unter <a href=\"https:\/\/creativecommons.org\/licenses\/by-sa\/4.0\/\" target=\"_blank\" rel=\"noreferrer noopener\" aria-label=\" (\u00f6ffnet in neuem Tab)\">Lizenz CC BY-SA 4.0<\/a><\/em>  <\/p>\n\n\n\n<p class=\"has-text-align-right\"><em>Bildquelle (Beitragsbild): <a rel=\"noreferrer noopener\" aria-label=\"pixabay (\u00f6ffnet in neuem Tab)\" href=\"https:\/\/pixabay.com\/de\/photos\/klimastreik-schulstreik-schule-4113372\/\" target=\"_blank\">pixabay<\/a><\/em>,<em><a href=\"https:\/\/pixabay.com\/de\/service\/license\/\" target=\"_blank\" rel=\"noreferrer noopener\" aria-label=\" Pixabay Lizenz (\u00f6ffnet in neuem Tab)\"> Pixabay Lizenz<\/a><\/em><br><em>Bildquelle (Screenshots): facebook; siehe jew. Linkangabe<br><\/em><\/p>\n","protected":false},"excerpt":{"rendered":"<p>Die Jugend wird immer schlimmer, und f\u00fcr viele Jahre war sie den Erwachsenen schlicht zu tr\u00e4ge, zu mainstream und zu unpolitisch. Man sollte jetzt meinen, dass den jugendlichen Demonstranten seit Beginn der Fridays for Future-Demos im Januar dieses Jahres nun partei\u00fcbergreifend Applaus gespendet werden sollte &#8211; immerhin zeigt die Jugend ja ganz ausdr\u00fccklich, dass die zu Beginn genannten Vorurteile eben nicht so recht zutreffen (was f\u00fcr interessierte Beobachter \u00fcbrigens bereits seit Jahren offensichtlich ist!). Doch weit gefehlt! Statt dessen rollt sein Wochen eine mehrstufige Diskreditierungs-Kampagne.<\/p>\n","protected":false},"author":1,"featured_media":220,"comment_status":"open","ping_status":"closed","sticky":false,"template":"","format":"standard","meta":{"footnotes":""},"categories":[17,14],"tags":[4,18,19,28],"class_list":["post-215","post","type-post","status-publish","format-standard","has-post-thumbnail","hentry","category-politik","category-schulleben","tag-fake-news","tag-fridays-for-future","tag-klimawandel","tag-social-media"],"_links":{"self":[{"href":"https:\/\/whataboutblog.de\/index.php?rest_route=\/wp\/v2\/posts\/215","targetHints":{"allow":["GET"]}}],"collection":[{"href":"https:\/\/whataboutblog.de\/index.php?rest_route=\/wp\/v2\/posts"}],"about":[{"href":"https:\/\/whataboutblog.de\/index.php?rest_route=\/wp\/v2\/types\/post"}],"author":[{"embeddable":true,"href":"https:\/\/whataboutblog.de\/index.php?rest_route=\/wp\/v2\/users\/1"}],"replies":[{"embeddable":true,"href":"https:\/\/whataboutblog.de\/index.php?rest_route=%2Fwp%2Fv2%2Fcomments&post=215"}],"version-history":[{"count":29,"href":"https:\/\/whataboutblog.de\/index.php?rest_route=\/wp\/v2\/posts\/215\/revisions"}],"predecessor-version":[{"id":440,"href":"https:\/\/whataboutblog.de\/index.php?rest_route=\/wp\/v2\/posts\/215\/revisions\/440"}],"wp:featuredmedia":[{"embeddable":true,"href":"https:\/\/whataboutblog.de\/index.php?rest_route=\/wp\/v2\/media\/220"}],"wp:attachment":[{"href":"https:\/\/whataboutblog.de\/index.php?rest_route=%2Fwp%2Fv2%2Fmedia&parent=215"}],"wp:term":[{"taxonomy":"category","embeddable":true,"href":"https:\/\/whataboutblog.de\/index.php?rest_route=%2Fwp%2Fv2%2Fcategories&post=215"},{"taxonomy":"post_tag","embeddable":true,"href":"https:\/\/whataboutblog.de\/index.php?rest_route=%2Fwp%2Fv2%2Ftags&post=215"}],"curies":[{"name":"wp","href":"https:\/\/api.w.org\/{rel}","templated":true}]}}